{"id":2678,"date":"2025-10-10T12:37:09","date_gmt":"2025-10-10T11:37:09","guid":{"rendered":"https:\/\/cadevniger.org\/?p=2678"},"modified":"2025-10-14T10:53:54","modified_gmt":"2025-10-14T09:53:54","slug":"visite-pastorale-de-mgr-ignatius-anipu-au-bureau-diocesain-de-la-cadev-maradi","status":"publish","type":"post","link":"https:\/\/cadevniger.org\/?p=2678","title":{"rendered":"Visite pastorale de Mgr Ignatius ANIPU au Bureau dioc\u00e9sain de la CADEV Maradi"},"content":{"rendered":"<p data-start=\"239\" data-end=\"581\">En ce <strong data-start=\"245\" data-end=\"272\">mercredi 8 octobre 2025<\/strong>, les agents du Bureau dioc\u00e9sain de la CADEV Maradi ont eu l\u2019honneur et le privil\u00e8ge d\u2019accueillir la visite de leur nouvel \u00e9v\u00eaque, <strong data-start=\"403\" data-end=\"435\">Mgr Ignatius KAN-MURUM ANIPU<\/strong>, \u00c9v\u00eaque du Dioc\u00e8se de Maradi et Pr\u00e9sident de la Caritas dioc\u00e9saine. Il \u00e9tait accompagn\u00e9 du <strong data-start=\"527\" data-end=\"550\">P\u00e8re Justin SEGUERE<\/strong>, Aum\u00f4nier du Bureau dioc\u00e9sain.<\/p>\n<p data-start=\"583\" data-end=\"922\">La visite a d\u00e9but\u00e9 par une <strong data-start=\"610\" data-end=\"639\">tourn\u00e9e guid\u00e9e des locaux<\/strong>, au cours de laquelle Mgr Ignatius a pris le temps de rencontrer personnellement chaque agent sur son lieu de travail. Ce moment de proximit\u00e9 a permis \u00e0 l\u2019\u00c9v\u00eaque de d\u00e9couvrir concr\u00e8tement les r\u00e9alit\u00e9s du bureau et l\u2019engagement quotidien du personnel au service des plus vuln\u00e9rables.<\/p>\n<p data-start=\"924\" data-end=\"1356\">\u00c0 l\u2019issue de la visite, les agents se sont retrouv\u00e9s dans la salle de r\u00e9union pour un <strong data-start=\"1010\" data-end=\"1031\">\u00e9change fraternel<\/strong> avec leur h\u00f4te de marque.<br data-start=\"1057\" data-end=\"1060\" \/>Prenant la parole au nom de ses coll\u00e8gues, le <strong data-start=\"1106\" data-end=\"1129\">Directeur dioc\u00e9sain<\/strong> a souhait\u00e9 la bienvenue \u00e0 Mgr Ignatius dans \u201cles locaux de <em data-start=\"1189\" data-end=\"1193\">sa<\/em> Caritas\u201d. Il a ensuite adress\u00e9 ses f\u00e9licitations \u00e0 l\u2019\u00c9v\u00eaque pour sa nomination, tout en lui formulant ses v\u0153ux les plus sinc\u00e8res de r\u00e9ussite dans son minist\u00e8re.<\/p>\n<blockquote data-start=\"1358\" data-end=\"1592\">\n<p data-start=\"1360\" data-end=\"1592\">\u00ab Votre devise <em data-start=\"1375\" data-end=\"1396\">Affermis tes fr\u00e8res<\/em>, doubl\u00e9e de vos riches exp\u00e9riences en mati\u00e8re d\u2019accompagnement des populations, nous rassure et nous encourage \u00e0 poursuivre la mission de service aux pauvres avec d\u00e9termination \u00bb, a-t-il d\u00e9clar\u00e9.<\/p>\n<\/blockquote>\n<p data-start=\"1594\" data-end=\"1819\">Pour permettre \u00e0 Mgr Ignatius d\u2019avoir une vision globale du travail accompli, une <strong data-start=\"1676\" data-end=\"1727\">pr\u00e9sentation institutionnelle de la CADEV Niger<\/strong> lui a \u00e9t\u00e9 faite, retra\u00e7ant les principaux domaines d\u2019intervention et les r\u00e9sultats obtenus.<\/p>\n<p data-start=\"1821\" data-end=\"1952\">Dans son mot de r\u00e9ponse, <strong data-start=\"1846\" data-end=\"1868\">Mgr Ignatius ANIPU<\/strong> a f\u00e9licit\u00e9 les agents pour leur engagement constant au service des plus d\u00e9munis :<\/p>\n<blockquote data-start=\"1953\" data-end=\"2084\">\n<p data-start=\"1955\" data-end=\"2084\">\u00ab Je suis heureux de d\u00e9couvrir tout ce que vous r\u00e9alisez en faveur des pauvres, malgr\u00e9 un contexte difficile \u00bb, a-t-il affirm\u00e9.<\/p>\n<\/blockquote>\n<p data-start=\"2086\" data-end=\"2390\">Il a encourag\u00e9 le Bureau \u00e0 <strong data-start=\"2113\" data-end=\"2171\">pers\u00e9v\u00e9rer dans la conception de projets de r\u00e9silience<\/strong> au profit des populations vuln\u00e9rables, en insistant particuli\u00e8rement sur <strong data-start=\"2245\" data-end=\"2306\">la formation et l\u2019accompagnement des jeunes et des femmes<\/strong>, leviers essentiels pour contribuer \u00e0 la lutte contre le terrorisme et la pauvret\u00e9.<\/p>\n<hr data-start=\"2392\" data-end=\"2395\" \/>\n<h3 data-start=\"2397\" data-end=\"2443\"><strong data-start=\"2401\" data-end=\"2443\">Qui est Mgr Ignatius KAN-MURUM ANIPU ?<\/strong><\/h3>\n<p data-start=\"2445\" data-end=\"2814\">Nomm\u00e9 par le Saint-Si\u00e8ge le <strong data-start=\"2473\" data-end=\"2492\">22 f\u00e9vrier 2025<\/strong> et ordonn\u00e9 le <strong data-start=\"2507\" data-end=\"2522\">31 mai 2025<\/strong> par <strong data-start=\"2527\" data-end=\"2574\">Son \u00c9minence le Cardinal Philippe OUEDRAOGO<\/strong> du Burkina Faso, Mgr Ignatius ANIPU est membre de la <strong data-start=\"2628\" data-end=\"2673\">Soci\u00e9t\u00e9 des Missionnaires d\u2019Afrique<\/strong>.<br data-start=\"2674\" data-end=\"2677\" \/>Avant sa nomination, il a dirig\u00e9 le <strong data-start=\"2713\" data-end=\"2746\">Centre Foi et Rencontre (CFR)<\/strong> et l\u2019<strong data-start=\"2752\" data-end=\"2802\">Institut de Formation Islamo-Chr\u00e9tienne (IFIC)<\/strong> \u00e0 Bamako.<\/p>\n<p data-start=\"2816\" data-end=\"3023\">Il succ\u00e8de \u00e0 <strong data-start=\"2829\" data-end=\"2855\">Mgr Ambroise OUEDRAOGO<\/strong>, premier \u00e9v\u00eaque du Dioc\u00e8se de Maradi, qui a fait valoir ses droits \u00e0 la retraite apr\u00e8s <strong data-start=\"2943\" data-end=\"2993\">vingt-cinq ans de service d\u00e9vou\u00e9 et exemplaire<\/strong> au sein de l\u2019\u00c9glise du Niger.<\/p>\n<p data-start=\"2816\" data-end=\"3023\"><a href=\"https:\/\/cadevniger.org\/wp-content\/uploads\/2025\/10\/WhatsApp-Image-2025-10-13-at-12.27.25.jpeg\"><img loading=\"lazy\" decoding=\"async\" class=\"alignnone wp-image-2679\" src=\"https:\/\/cadevniger.org\/wp-content\/uploads\/2025\/10\/WhatsApp-Image-2025-10-13-at-12.27.25.jpeg\" alt=\"\" width=\"219\" height=\"292\" srcset=\"https:\/\/cadevniger.org\/wp-content\/uploads\/2025\/10\/WhatsApp-Image-2025-10-13-at-12.27.25.jpeg 750w, https:\/\/cadevniger.org\/wp-content\/uploads\/2025\/10\/WhatsApp-Image-2025-10-13-at-12.27.25-225x300.jpeg 225w\" sizes=\"(max-width: 219px) 100vw, 219px\" \/><\/a> <a href=\"https:\/\/cadevniger.org\/wp-content\/uploads\/2025\/10\/WhatsApp-Image-2025-10-13-at-12.26.58.jpeg\"><img loading=\"lazy\" decoding=\"async\" class=\"alignnone wp-image-2680\" src=\"https:\/\/cadevniger.org\/wp-content\/uploads\/2025\/10\/WhatsApp-Image-2025-10-13-at-12.26.58.jpeg\" alt=\"\" width=\"222\" height=\"296\" srcset=\"https:\/\/cadevniger.org\/wp-content\/uploads\/2025\/10\/WhatsApp-Image-2025-10-13-at-12.26.58.jpeg 750w, https:\/\/cadevniger.org\/wp-content\/uploads\/2025\/10\/WhatsApp-Image-2025-10-13-at-12.26.58-225x300.jpeg 225w\" sizes=\"(max-width: 222px) 100vw, 222px\" \/><\/a> <a href=\"https:\/\/cadevniger.org\/wp-content\/uploads\/2025\/10\/WhatsApp-Image-2025-10-13-at-12.26.30.jpeg\"><img loading=\"lazy\" decoding=\"async\" class=\"alignnone wp-image-2681\" src=\"https:\/\/cadevniger.org\/wp-content\/uploads\/2025\/10\/WhatsApp-Image-2025-10-13-at-12.26.30.jpeg\" alt=\"\" width=\"220\" height=\"294\" srcset=\"https:\/\/cadevniger.org\/wp-content\/uploads\/2025\/10\/WhatsApp-Image-2025-10-13-at-12.26.30.jpeg 750w, https:\/\/cadevniger.org\/wp-content\/uploads\/2025\/10\/WhatsApp-Image-2025-10-13-at-12.26.30-225x300.jpeg 225w\" sizes=\"(max-width: 220px) 100vw, 220px\" \/><\/a> <a href=\"https:\/\/cadevniger.org\/wp-content\/uploads\/2025\/10\/WhatsApp-Image-2025-10-13-at-12.26.10.jpeg\"><img loading=\"lazy\" decoding=\"async\" class=\"alignnone wp-image-2682\" src=\"https:\/\/cadevniger.org\/wp-content\/uploads\/2025\/10\/WhatsApp-Image-2025-10-13-at-12.26.10.jpeg\" alt=\"\" width=\"218\" height=\"291\" srcset=\"https:\/\/cadevniger.org\/wp-content\/uploads\/2025\/10\/WhatsApp-Image-2025-10-13-at-12.26.10.jpeg 750w, https:\/\/cadevniger.org\/wp-content\/uploads\/2025\/10\/WhatsApp-Image-2025-10-13-at-12.26.10-225x300.jpeg 225w\" sizes=\"(max-width: 218px) 100vw, 218px\" \/><\/a> <a href=\"https:\/\/cadevniger.org\/wp-content\/uploads\/2025\/10\/WhatsApp-Image-2025-10-13-at-12.25.12.jpeg\"><img loading=\"lazy\" decoding=\"async\" class=\"alignnone wp-image-2684\" src=\"https:\/\/cadevniger.org\/wp-content\/uploads\/2025\/10\/WhatsApp-Image-2025-10-13-at-12.25.12.jpeg\" alt=\"\" width=\"228\" height=\"304\" srcset=\"https:\/\/cadevniger.org\/wp-content\/uploads\/2025\/10\/WhatsApp-Image-2025-10-13-at-12.25.12.jpeg 750w, https:\/\/cadevniger.org\/wp-content\/uploads\/2025\/10\/WhatsApp-Image-2025-10-13-at-12.25.12-225x300.jpeg 225w\" sizes=\"(max-width: 228px) 100vw, 228px\" \/><\/a><\/p>\n","protected":false},"excerpt":{"rendered":"<p>En ce mercredi 8 octobre 2025, les agents du Bureau dioc\u00e9sain de la CADEV Maradi ont eu l\u2019honneur et le privil\u00e8ge d\u2019accueillir la visite de leur nouvel \u00e9v\u00eaque, Mgr Ignatius KAN-MURUM ANIPU, \u00c9v\u00eaque du Dioc\u00e8se de Maradi et Pr\u00e9sident de&hellip;<\/p>\n","protected":false},"author":1,"featured_media":2688,"comment_status":"open","ping_status":"open","sticky":false,"template":"","format":"standard","meta":{"_jetpack_memberships_contains_paid_content":false,"footnotes":"","jetpack_publicize_message":"","jetpack_publicize_feature_enabled":true,"jetpack_social_post_already_shared":true,"jetpack_social_options":{"image_generator_settings":{"template":"highway","enabled":false},"version":2}},"categories":[1,5],"tags":[],"class_list":["post-2678","post","type-post","status-publish","format-standard","has-post-thumbnail","hentry","category-actu","category-bref"],"jetpack_publicize_connections":[],"jetpack_featured_media_url":"https:\/\/cadevniger.org\/wp-content\/uploads\/2025\/10\/WhatsApp-Image-2025-10-13-at-12.25.44-2.jpeg","jetpack_sharing_enabled":true,"jetpack_likes_enabled":true,"_links":{"self":[{"href":"https:\/\/cadevniger.org\/index.php?rest_route=\/wp\/v2\/posts\/2678"}],"collection":[{"href":"https:\/\/cadevniger.org\/index.php?rest_route=\/wp\/v2\/posts"}],"about":[{"href":"https:\/\/cadevniger.org\/index.php?rest_route=\/wp\/v2\/types\/post"}],"author":[{"embeddable":true,"href":"https:\/\/cadevniger.org\/index.php?rest_route=\/wp\/v2\/users\/1"}],"replies":[{"embeddable":true,"href":"https:\/\/cadevniger.org\/index.php?rest_route=%2Fwp%2Fv2%2Fcomments&post=2678"}],"version-history":[{"count":3,"href":"https:\/\/cadevniger.org\/index.php?rest_route=\/wp\/v2\/posts\/2678\/revisions"}],"predecessor-version":[{"id":2690,"href":"https:\/\/cadevniger.org\/index.php?rest_route=\/wp\/v2\/posts\/2678\/revisions\/2690"}],"wp:featuredmedia":[{"embeddable":true,"href":"https:\/\/cadevniger.org\/index.php?rest_route=\/wp\/v2\/media\/2688"}],"wp:attachment":[{"href":"https:\/\/cadevniger.org\/index.php?rest_route=%2Fwp%2Fv2%2Fmedia&parent=2678"}],"wp:term":[{"taxonomy":"category","embeddable":true,"href":"https:\/\/cadevniger.org\/index.php?rest_route=%2Fwp%2Fv2%2Fcategories&post=2678"},{"taxonomy":"post_tag","embeddable":true,"href":"https:\/\/cadevniger.org\/index.php?rest_route=%2Fwp%2Fv2%2Ftags&post=2678"}],"curies":[{"name":"wp","href":"https:\/\/api.w.org\/{rel}","templated":true}]}}