{"id":525,"date":"2019-03-08T12:30:16","date_gmt":"2019-03-08T11:30:16","guid":{"rendered":"http:\/\/cadevniger.org\/?p=525"},"modified":"2019-03-25T10:57:08","modified_gmt":"2019-03-25T09:57:08","slug":"bingerville-atelier-bilan-oriente-capitalisation-du-programme-a2p-diro-le-contenu-de-la-phase-iii-du-programme-a2-pdiro-devoile","status":"publish","type":"post","link":"https:\/\/cadevniger.org\/?p=525","title":{"rendered":"Bingerville \/ Atelier Bilan orient\u00e9 Capitalisation du Programme A2P-DIRO  Le contenu de la  phase III du Programme A2-PDIRO d\u00e9voil\u00e9"},"content":{"rendered":"<p><em>Ouvert le lundi 4 mars 2019 au Centre Sainte Th\u00e9r\u00e8se de Bingerville (C\u00f4te d\u2019Ivoire), l\u2019atelier <\/em>Bilan orient\u00e9 Capitalisation du Programme A2P-DIRO<em>s\u2019est achev\u00e9 ce jeudi 7 mars. Le contenu de la Phase III du Programme A2P-DIRO a \u00e9t\u00e9 d\u00e9voil\u00e9 par M. Samba FALL du Secr\u00e9tariat Ex\u00e9cutif R\u00e9gional de Caritas Africa\u00a0.<\/em><\/p>\n<p>Avant l\u2019expos\u00e9 de M. Samba FALL, Mme Violaine DORY, Responsable P\u00f4le Afrique Oc\u00e9an Indien du Secours Catholique\u00a0\/ Caritas France, a rappel\u00e9 les diff\u00e9rentes \u00e9tapes de la mise en \u0153uvre de ce programme qui a commenc\u00e9 en 2011. Elle a saisi l\u2019occasion de cette rencontre internationale pour rappeler lesprincipaux enseignements qui se d\u00e9gagent de sa phase 2 (2016 \u00e0 2018). Malgr\u00e9 quelques facteurs limitant, le Programme A2P-DIRO, selon elle, a favoris\u00e9 un engagement de qualit\u00e9 fond\u00e9 sur la confiance \u00e0 l\u2019\u00e9coute des Caritas, une r\u00e9ponse plus globale\u00a0 aux pr\u00e9occupations directes des Caritas, une approche orient\u00e9e sur les changements et leurs besoins strat\u00e9giques ainsi qu\u2019une gouvernance et un pilotage plus adapt\u00e9s au sein des Caritas. Apr\u00e8s sa communication, ce fut au tour de M. Samba FALL de Caritas Africa de d\u00e9voiler les grandes lignes de la phase III que nous r\u00e9sumons dans ces paragraphes suivants. \u00a0<strong>\u00a0<\/strong><\/p>\n<p><strong>Phase 3 du programme A2P-DIRO\u00a0: la r\u00e9duction de l\u2019extr\u00eame pauvret\u00e9, plus qu\u2019un d\u00e9fi <\/strong><\/p>\n<p>La phase 3 de ce Programme (octobre 2019 \u00e0 2022) co\u00fbtera globalement 25 Millions d\u2019Euros soit plus de 16 milliards de FCFA. Cette phase s\u2019est fix\u00e9e pour objectif de contribuer \u00e0 la r\u00e9duction de l\u2019extr\u00eame pauvret\u00e9 et des in\u00e9galit\u00e9s en renfor\u00e7ant les soci\u00e9t\u00e9s civiles africaines afin de promouvoir l\u2019av\u00e8nement des soci\u00e9t\u00e9s justes, pacifiques et inclusives \u00e0 travers des institutions efficaces et responsables \u00e0 tous les niveaux pour un D\u00e9veloppement Humain Int\u00e9gral et durable. La phase\u00a03 du Programme A2P-DIRO sera financ\u00e9e par l\u2019AFD (Agence Fran\u00e7aise de D\u00e9veloppement), le Secours Catholique de France, d\u2019autres Caritas telles que celle de l\u2019Espagne et les Caritas Parties Prenantes qui devront y contribuer chacune, \u00e0 hauteur de 2 millions 600 FCFA par an. Ce sont au total, 18 Caritas avec l\u2019int\u00e9gration de 4 nouvelles Caritas (2 lusophones et 2 anglophones), le Ghana, la Guin\u00e9e Bissau, le Mozambique et la Zambie, soit environ 210 Caritas dioc\u00e9saines b\u00e9n\u00e9ficiaires de ce Programme et le Secr\u00e9tariat Ex\u00e9cutif de Caritas Africa qui travailleront au profit de plus de 43 millions de personnes vuln\u00e9rables.<\/p>\n<p><strong>Phase 3 du Programme A2P-DIRO\u00a0: Des innovations importantes<\/strong><\/p>\n<p>Les innovations de la phase III de ce programme, sont principalement l\u2019ouverture \u00e0 4 nouvelles Caritas (lusophones et anglophones), le Ghana, la Guin\u00e9e Bissau, le Mozambique, et la Zambie portant \u00e0 18, le nombre des Caritas Parties Prenantes du Programme A2P-DIRO. Il faut \u00e9galement noter l\u2019ouverture \u00e0 de nouvelles sources de financement avec l\u2019appui financier de la Caritas Espagnole. Le recours de l\u2019expertise interne des Caritas et la contribution financi\u00e8re des 18 Caritas impliqu\u00e9es qui d\u00e9bourseront 2.600.000 de Francs Cfa\u00a0\/ an. Cette innovation est une mani\u00e8re d\u2019impliquer davantage les Caritas\u00a0 africaines et d\u2019engager leurs responsabilit\u00e9s dans ce programme.En termes d\u2019impacts attendus, ce sont surtout la structuration du R\u00e9seau de la Caritas, la contribution \u00e0 la lutte contre la pauvret\u00e9, les situations d\u2019injustices, l\u2019autonomie et la durabilit\u00e9 des Caritas, l\u2019impact du r\u00e9seau dans l\u2019am\u00e9lioration des politiques publiques et bien \u00e9videmment le transfert du Programme au Secr\u00e9tariat Ex\u00e9cutif de Caritas Africa afin de p\u00e9renniser les acquis de ce programme.<a href=\"http:\/\/cadevniger.org\/wp-content\/uploads\/2019\/03\/J4-pr\u00e9sentation.jpg\"><img loading=\"lazy\" decoding=\"async\" class=\"alignnone size-medium wp-image-527\" src=\"http:\/\/cadevniger.org\/wp-content\/uploads\/2019\/03\/J4-pr\u00e9sentation-300x200.jpg\" alt=\"\" width=\"300\" height=\"200\" srcset=\"https:\/\/cadevniger.org\/wp-content\/uploads\/2019\/03\/J4-pr\u00e9sentation-300x200.jpg 300w, https:\/\/cadevniger.org\/wp-content\/uploads\/2019\/03\/J4-pr\u00e9sentation-768x512.jpg 768w, https:\/\/cadevniger.org\/wp-content\/uploads\/2019\/03\/J4-pr\u00e9sentation-1024x683.jpg 1024w, https:\/\/cadevniger.org\/wp-content\/uploads\/2019\/03\/J4-pr\u00e9sentation-400x267.jpg 400w, https:\/\/cadevniger.org\/wp-content\/uploads\/2019\/03\/J4-pr\u00e9sentation-600x400.jpg 600w\" sizes=\"(max-width: 300px) 100vw, 300px\" \/><\/a><\/p>\n<p>Rose Kouadio et Rapha\u00ebl D.<\/p>\n","protected":false},"excerpt":{"rendered":"<p>Ouvert le lundi 4 mars 2019 au Centre Sainte Th\u00e9r\u00e8se de Bingerville (C\u00f4te d\u2019Ivoire), l\u2019atelier Bilan orient\u00e9 Capitalisation du Programme A2P-DIROs\u2019est achev\u00e9 ce jeudi 7 mars. Le contenu de la Phase III du Programme A2P-DIRO a \u00e9t\u00e9 d\u00e9voil\u00e9 par M.&hellip;<\/p>\n","protected":false},"author":1,"featured_media":526,"comment_status":"open","ping_status":"open","sticky":false,"template":"","format":"standard","meta":{"_jetpack_memberships_contains_paid_content":false,"footnotes":"","jetpack_publicize_message":"","jetpack_publicize_feature_enabled":true,"jetpack_social_post_already_shared":false,"jetpack_social_options":{"image_generator_settings":{"template":"highway","enabled":false},"version":2}},"categories":[1,5],"tags":[],"class_list":["post-525","post","type-post","status-publish","format-standard","has-post-thumbnail","hentry","category-actu","category-bref"],"jetpack_publicize_connections":[],"jetpack_featured_media_url":"https:\/\/cadevniger.org\/wp-content\/uploads\/2019\/03\/IMG_0748.jpg","jetpack_sharing_enabled":true,"jetpack_likes_enabled":true,"_links":{"self":[{"href":"https:\/\/cadevniger.org\/index.php?rest_route=\/wp\/v2\/posts\/525"}],"collection":[{"href":"https:\/\/cadevniger.org\/index.php?rest_route=\/wp\/v2\/posts"}],"about":[{"href":"https:\/\/cadevniger.org\/index.php?rest_route=\/wp\/v2\/types\/post"}],"author":[{"embeddable":true,"href":"https:\/\/cadevniger.org\/index.php?rest_route=\/wp\/v2\/users\/1"}],"replies":[{"embeddable":true,"href":"https:\/\/cadevniger.org\/index.php?rest_route=%2Fwp%2Fv2%2Fcomments&post=525"}],"version-history":[{"count":2,"href":"https:\/\/cadevniger.org\/index.php?rest_route=\/wp\/v2\/posts\/525\/revisions"}],"predecessor-version":[{"id":552,"href":"https:\/\/cadevniger.org\/index.php?rest_route=\/wp\/v2\/posts\/525\/revisions\/552"}],"wp:featuredmedia":[{"embeddable":true,"href":"https:\/\/cadevniger.org\/index.php?rest_route=\/wp\/v2\/media\/526"}],"wp:attachment":[{"href":"https:\/\/cadevniger.org\/index.php?rest_route=%2Fwp%2Fv2%2Fmedia&parent=525"}],"wp:term":[{"taxonomy":"category","embeddable":true,"href":"https:\/\/cadevniger.org\/index.php?rest_route=%2Fwp%2Fv2%2Fcategories&post=525"},{"taxonomy":"post_tag","embeddable":true,"href":"https:\/\/cadevniger.org\/index.php?rest_route=%2Fwp%2Fv2%2Ftags&post=525"}],"curies":[{"name":"wp","href":"https:\/\/api.w.org\/{rel}","templated":true}]}}